{"id":64,"date":"2026-04-10T14:56:00","date_gmt":"2026-04-10T13:56:00","guid":{"rendered":"http:\/\/tabanfesztival.hu\/?p=64"},"modified":"2026-04-29T22:21:20","modified_gmt":"2026-04-29T21:21:20","slug":"edda-muvek","status":"publish","type":"post","link":"http:\/\/tabanfesztival.hu\/?p=64","title":{"rendered":"Ferenczi Gy\u00f6rgy \u00e9s a Rackajam"},"content":{"rendered":"<p><strong>Koncert kezdete: <b>16:15<\/b> (tervezett )<\/p>\n<p>Az 1-s\u0151 Pesti Rack\u00e1k zenekar m\u0171sor\u00e1ban \u00f6sszeolvad a magyar kult\u00fara \u00e9s a rock\u2019n\u2019roll forradalom szeretete. \u00cdgy f\u00e9r \u00f6ssze egy kalotaszegi hajnali Pet\u0151fi S\u00e1ndor \u00e9s G\u00e9recz Attila verseivel \u00e9pp\u00fagy, mint Jimi Hendrix zen\u00e9j\u00e9vel. Alapvet\u0151en f\u00fazi\u00f3s zen\u00e9j\u00fckben fontos szerepet t\u00f6lt be a magyar n\u00e9pzene, a rhytm&amp;blues, a funky, a reggae, a hip-hop \u00e9s a groove elemek mellett. Rendk\u00edv\u00fcl energikus produkci\u00f3juk mosolya bearanyozza a vel\u00fck t\u00f6lt\u00f6tt tartalmas, inform\u00e1ci\u00f3ban \u00e9s humorban gazdag est\u00e9t.<\/strong><\/p>\n<p><a href=\"http:\/\/tabanfesztival.hu\/wp-content\/uploads\/ferenczi-rackajam.jpg\"><img loading=\"lazy\" class=\"alignnone wp-image-706 size-full\" src=\"http:\/\/tabanfesztival.hu\/wp-content\/uploads\/ferenczi-rackajam.jpg\" alt=\"\" width=\"1000\" height=\"750\" srcset=\"http:\/\/tabanfesztival.hu\/wp-content\/uploads\/ferenczi-rackajam.jpg 1000w, http:\/\/tabanfesztival.hu\/wp-content\/uploads\/ferenczi-rackajam-300x225.jpg 300w, http:\/\/tabanfesztival.hu\/wp-content\/uploads\/ferenczi-rackajam-768x576.jpg 768w, http:\/\/tabanfesztival.hu\/wp-content\/uploads\/ferenczi-rackajam-285x214.jpg 285w\" sizes=\"(max-width: 1000px) 100vw, 1000px\" \/><\/a><\/p>\n<p><strong>A Fesztiv\u00e1l non-profit, bel\u00e9p\u0151jegy n\u00e9lk\u00fcli rendezv\u00e9ny. <a title=\"Tab\u00e1n Fesztiv\u00e1l a Facebookon!\" href=\"https:\/\/www.facebook.com\/tabanfesztival\" target=\"_blank\" rel=\"noopener\">Csatlakozz Facebook oldalunkhoz itt &gt;<\/a><\/strong><\/p>\n","protected":false},"excerpt":{"rendered":"<p>Koncert kezdete: 16:15 (tervezett ) Az 1-s\u0151 Pesti Rack\u00e1k zenekar m\u0171sor\u00e1ban \u00f6sszeolvad a magyar kult\u00fara \u00e9s a rock\u2019n\u2019roll forradalom szeretete. \u00cdgy f\u00e9r \u00f6ssze egy kalotaszegi hajnali Pet\u0151fi S\u00e1ndor \u00e9s G\u00e9recz Attila verseivel \u00e9pp\u00fagy, mint Jimi Hendrix zen\u00e9j\u00e9vel. Alapvet\u0151en f\u00fazi\u00f3s zen\u00e9j\u00fckben fontos szerepet t\u00f6lt be a magyar n\u00e9pzene, a rhytm&amp;blues, a funky, a reggae, a hip-hop<a href=\"http:\/\/tabanfesztival.hu\/?p=64\">[&#8230;]<\/a><\/p>\n","protected":false},"author":1,"featured_media":717,"comment_status":"closed","ping_status":"closed","sticky":false,"template":"","format":"standard","meta":[],"categories":[1],"tags":[],"_links":{"self":[{"href":"http:\/\/tabanfesztival.hu\/index.php?rest_route=\/wp\/v2\/posts\/64"}],"collection":[{"href":"http:\/\/tabanfesztival.hu\/index.php?rest_route=\/wp\/v2\/posts"}],"about":[{"href":"http:\/\/tabanfesztival.hu\/index.php?rest_route=\/wp\/v2\/types\/post"}],"author":[{"embeddable":true,"href":"http:\/\/tabanfesztival.hu\/index.php?rest_route=\/wp\/v2\/users\/1"}],"replies":[{"embeddable":true,"href":"http:\/\/tabanfesztival.hu\/index.php?rest_route=%2Fwp%2Fv2%2Fcomments&post=64"}],"version-history":[{"count":10,"href":"http:\/\/tabanfesztival.hu\/index.php?rest_route=\/wp\/v2\/posts\/64\/revisions"}],"predecessor-version":[{"id":724,"href":"http:\/\/tabanfesztival.hu\/index.php?rest_route=\/wp\/v2\/posts\/64\/revisions\/724"}],"wp:featuredmedia":[{"embeddable":true,"href":"http:\/\/tabanfesztival.hu\/index.php?rest_route=\/wp\/v2\/media\/717"}],"wp:attachment":[{"href":"http:\/\/tabanfesztival.hu\/index.php?rest_route=%2Fwp%2Fv2%2Fmedia&parent=64"}],"wp:term":[{"taxonomy":"category","embeddable":true,"href":"http:\/\/tabanfesztival.hu\/index.php?rest_route=%2Fwp%2Fv2%2Fcategories&post=64"},{"taxonomy":"post_tag","embeddable":true,"href":"http:\/\/tabanfesztival.hu\/index.php?rest_route=%2Fwp%2Fv2%2Ftags&post=64"}],"curies":[{"name":"wp","href":"https:\/\/api.w.org\/{rel}","templated":true}]}}