{"id":167,"date":"2026-04-16T05:39:00","date_gmt":"2026-04-16T04:39:00","guid":{"rendered":"http:\/\/tabanfesztival.hu\/?p=167"},"modified":"2026-04-29T22:20:51","modified_gmt":"2026-04-29T21:20:51","slug":"karthago","status":"publish","type":"post","link":"http:\/\/tabanfesztival.hu\/?p=167","title":{"rendered":"Karthago"},"content":{"rendered":"<p><strong>Koncert kezdete: 20.10 (tervezett )\u00a0<\/strong><\/p>\n<p><strong>A zenekart 1979-ben Szigeti Ferenc alap\u00edtotta \u00e9s a \u201980-as \u00e9vekre m\u00e1r az orsz\u00e1g egyik legn\u00e9pszer\u0171bb rockegy\u00fcttes\u00e9v\u00e9 v\u00e1lt. Els\u0151 nagylemez\u00fck 1981-ben jelent meg \u00e9s azonnal t\u00f6bbsz\u00f6r\u00f6s aranylemez lett. Ez k\u00f6vette m\u00e9g tov\u00e1bbi j\u00f3n\u00e9h\u00e1ny hasonl\u00f3 nagysiker\u0171 st\u00fadi\u00f3- \u00e9s koncertalbum. 1983-ban Ausztri\u00e1ban a Requiem c\u00edm\u0171 dalukkal megnyert\u00e9k a Villachi Nemzetk\u00f6zi Dalfesztiv\u00e1l nagyd\u00edj\u00e1t \u00e9s ezt k\u00f6vet\u0151en k\u00e9t angol nyelv\u0171 nagylemez\u00fck is megjelent Nyugateur\u00f3p\u00e1ban, amelyb\u0151l az els\u0151, Ausztri\u00e1ban aranylemez lett!<\/strong><\/p>\n<p><a href=\"http:\/\/tabanfesztival.hu\/wp-content\/uploads\/karthago-2026.jpg\"><img loading=\"lazy\" class=\"alignnone wp-image-707 size-full\" src=\"http:\/\/tabanfesztival.hu\/wp-content\/uploads\/karthago-2026.jpg\" alt=\"\" width=\"1000\" height=\"699\" srcset=\"http:\/\/tabanfesztival.hu\/wp-content\/uploads\/karthago-2026.jpg 1000w, http:\/\/tabanfesztival.hu\/wp-content\/uploads\/karthago-2026-300x210.jpg 300w, http:\/\/tabanfesztival.hu\/wp-content\/uploads\/karthago-2026-768x537.jpg 768w\" sizes=\"(max-width: 1000px) 100vw, 1000px\" \/><\/a><\/p>\n<p>A KARTHAGO k\u00f6z\u00f6ns\u00e9ge a rockzen\u00e9n feln\u0151tt gener\u00e1ci\u00f3k k\u00fcl\u00f6nb\u00f6z\u0151 nemzed\u00e9kei, valamint a fiatalok, akik elj\u00f6nnek megn\u00e9zni az \u201eAp\u00e1ink \u00fatj\u00e1n\u201d j\u00e1r\u00f3 legend\u00e1s, igazi, kem\u00e9ny rockband\u00e1t. A KARTHAGO tagjai ugyanis <span style=\"text-decoration: underline;\">nem h\u00edres \u201ecelebek\u201d akarnak lenni, hanem h\u00edresen j\u00f3l akarnak zen\u00e9lni mindenhol.<\/span><\/p>\n<p><strong>Id\u00e9zet a PASSIO c. internetes zenei szaklapb\u00f3l:<\/strong><\/p>\n<blockquote><p>&#8222;<em>M\u00e1r az egy \u00f3ri\u00e1si dolog, hogy a KARTHAGO fel\u00e1ll\u00e1sa 37. \u00e9ve v\u00e1ltozatlan. Ugyanazok az emberek \u00e1llnak a sz\u00ednpadon, mint 1979 v\u00e9g\u00e9n! Bele sem gondolunk, ez mekkora \u00e9rt\u00e9k! Milyen lenne egy &#8217;79-es fel\u00e1ll\u00e1s\u00fa P.Mobilt megn\u00e9zni, vagy egy &#8217;80-as Edd\u00e1t, esetleg egy \u201979-es Uriah Heepet, Deep Purple-t \u00e9s m\u00e9g sorolhatn\u00e1nk, de \u0151ket sajnos m\u00e1r nem lehet. Teh\u00e1t Magyarorsz\u00e1gon ma, a KARTHAGO a legid\u0151sebb b\u00f6l\u00e9ny. Vagy mamut. \u00c9s se h\u00e1tt\u00e9rvokalista l\u00e1nyok, se plusz hangszeres, csak az \u00f6t zseni\u00e1lis muzsikus! Mindek\u00f6zben pedig egy\u00e1ltal\u00e1n nem \u00f6reges, hanem nagyon is v\u00e9rprofi a zenekar. Nem k\u00ednl\u00f3d\u00f3 \u00f6regemberek botladoznak, hanem \u00e9leter\u0151s, \u00f6r\u00f6kifj\u00fa \u00e9s lelkes cs\u00e1v\u00f3k zen\u00e9lnek, \u00f3ri\u00e1si sz\u00ednvonalon!\u201d B\u00e1lint Csaba<\/em><\/p><\/blockquote>\n<p>A mai napig t\u00f6bb, mint hatezer koncertet j\u00e1tszottak idehaza \u00e9s k\u00fclf\u00f6ld\u00f6n, t\u00f6bbek k\u00f6z\u00f6tt turn\u00e9ztak Ausztri\u00e1ban, Kub\u00e1ban, a volt Szovjetuni\u00f3ban, a k\u00e9t N\u00e9metorsz\u00e1gban, Csehorsz\u00e1gban, Szlov\u00e1ki\u00e1ban, Lengyelorsz\u00e1gban \u00e9s Erd\u00e9lyben is. 1990-ben, n\u00e9h\u00e1ny \u00e9v sz\u00fcnet ut\u00e1n megd\u00f6nt\u00f6tt\u00e9k a Pet\u0151fi Csarnok minden addigi \u00e9s azut\u00e1ni n\u00e9z\u0151rekordj\u00e1t, majd ezt k\u00f6vet\u0151en <b>a mai napig<\/b> rendk\u00edv\u00fcl akt\u00edvan koncerteznek. Hihetetlen, de <b>46 \u00e9ve (!) v\u00e1ltozatlan<\/b> fel\u00e1ll\u00e1sban j\u00e1tszanak, amely Magyarorsz\u00e1gon egyed\u00fcl\u00e1ll\u00f3, de sem Eur\u00f3p\u00e1ban, sem a vil\u00e1gon nem tudunk hasonl\u00f3an stabil \u00f6sszet\u00e9tel\u0171 zenekarr\u00f3l!<\/p>\n<p>J\u00f3n\u00e9h\u00e1ny kislemez\u00fck \u00e9s 15 nagylemez\u00fck jelent meg, ebb\u0151l idehaza t\u00f6bb is aranylemez lett.<\/p>\n<p>\u00d6t \u00e9vente hatalmas l\u00e1tv\u00e1nyoss\u00e1gok k\u00f6zepette \u00fcnneplik a KARTHAGO fenn\u00e1ll\u00e1s\u00e1nak \u00e9vfordul\u00f3it, \u00e1ltal\u00e1ban a Budapest Ar\u00e9n\u00e1ban tartott, teljes telth\u00e1zas nagykoncertekkel.<\/p>\n<p>A zenekar 2021-ben magas \u00e1llami m\u0171v\u00e9szeti kit\u00fcntet\u00e9st kapott, a <b>\u201eM\u00e1t\u00e9 P\u00e9ter<\/b> <b>d\u00edjat\u201d<\/b>, id\u00e9n 2025-ben pedig a <b>Fonogram \u00c9letm\u0171d\u00edj<\/b> tulajdonosai lettek.<\/p>\n<p>A tagok k\u00f6z\u00fcl Gid\u00f3falvy Attila a Magyar \u00c9rdem\u00e9rem Aranykereszt d\u00edj, Szigeti Ferenc pedig a Magyar \u00c9rdemrend Lovagkeresztje d\u00edj birtokosa.<\/p>\n<p>Az orsz\u00e1gos turn\u00e9ik rendre sikeresek, jelenleg is zajlik a \u201eForever Rock 2025!\u201d c\u00edm\u0171 orsz\u00e1gj\u00e1r\u00e1suk.<\/p>\n<p>A <strong>KARTHAGO<\/strong> <strong>tagjai, a mai napig v\u00e1ltozatlanul:<\/strong><\/p>\n<ul>\n<li>Gid\u00f3falvy Attila &#8211; billenty\u00fck, git\u00e1r, \u00e9nek<\/li>\n<li>Kiss Zolt\u00e1n Z\u00e9ro &#8211; basszusgit\u00e1r, \u00e9nek<\/li>\n<li>Szigeti Ferenc &#8211; zenekarvezet\u0151, sz\u00f3l\u00f3git\u00e1r, \u00e9nek<\/li>\n<li>Kocs\u00e1ndi Mikl\u00f3s &#8211; dob, git\u00e1r, \u00e9nek<\/li>\n<li>Tak\u00e1ts Tam\u00e1s &#8211; \u00e9nek, sz\u00e1jharmonika, dobok<\/li>\n<\/ul>\n<p>A zenekar megalakul\u00e1s\u00e1t k\u00f6vet\u0151en, egy \u00e9v alatt, a &#8217;80-as \u00e9vek egyik meghat\u00e1roz\u00f3, \u00e9s legn\u00e9pszer\u0171bb magyarorsz\u00e1gi rockegy\u00fcttese lett. K\u00fcl\u00f6nleges, \u00fagynevezett amerikai t\u00edpus\u00fa <em>west coast <\/em>zen\u00e9j\u00fckkel, amely kem\u00e9ny rockalapra d\u00fas, \u00f6tsz\u00f3lam\u00fa vok\u00e1llal \u00e9s dallamos \u00e9nekvezet\u00e9ssel hangszerelt dalokb\u00f3l \u00e1ll. A 37 \u00e9v alatt valamennyi sl\u00e1gerlist\u00e1t t\u00f6bbsz\u00f6r is megh\u00f3d\u00edtott\u00e1k dalaikkal, maradand\u00f3 sl\u00e1gereikkel. Izgalmas, dinamikus, k\u00fcl\u00f6nlegesen l\u00e1tv\u00e1nyos koncertjeikkel, a hazai rocksz\u00ednpadok kedvencei lettek.<\/p>\n<p>A KARTHAGO<strong> t\u00f6retlen n\u00e9pszer\u0171s\u00e9ge, elk\u00e9peszt\u0151 ereje<\/strong>, <strong>energi\u00e1ja<\/strong>, \u00e9s <strong>igazi \u00e9rt\u00e9ke a<\/strong> <strong>37 (!)<\/strong> \u00e9ve eredeti, <strong>v\u00e1ltozatlan fel\u00e1ll\u00e1sban<\/strong> m\u0171k\u00f6d\u0151 \u00f6t kiv\u00e1l\u00f3 muzsikus karizmatikus egy\u00e9nis\u00e9g\u00e9ben, ismerts\u00e9g\u00e9ben, zenei tud\u00e1s\u00e1ban, magabiztoss\u00e1g\u00e1ban, \u00f6sszeszokotts\u00e1g\u00e1ban, humor\u00e1ban, a jellegzetesen egyedi sz\u00ednpadi show-ban, \u00e9s nem utols\u00f3sorban a remek\u00fcl meg\u00edrt, sl\u00e1ger jelleg\u0171 dallamos, de m\u00e9gis k\u0151kem\u00e9ny rock-dalokban, l\u00edrai ballad\u00e1kban rejlik.<\/p>\n<p>A KARTHAGO azon <strong>kiv\u00e9teles legend\u00e1s csapat<\/strong>, akik eg\u00e9sz p\u00e1lyafut\u00e1suk alatt, <strong>nagyon vigy\u00e1ztak arra<\/strong>, hogy <strong>soha nem \u201ehakniztak\u201d,<\/strong> nem lettek<strong> \u201ecelebek\u201d,<\/strong> mindig megv\u00e1logatt\u00e1k, \u00e9s ma is megv\u00e1logatj\u00e1k a megjelen\u00e9seiket \u00e9s a fell\u00e9p\u00e9seik helysz\u00edneit, ez\u00e9rt nincsenek \u201eelcs\u00e9pelve\u201d! Koncertjeik tervez\u00e9s\u00e9n\u00e9l nem a mennyis\u00e9get, hanem a min\u0151s\u00e9get tartj\u00e1k szem el\u0151tt, \u00e9s ahov\u00e1 leszerz\u0151dnek, ott minden esetben a legjobb tud\u00e1sukat, a legmagasabb min\u0151s\u00e9get adj\u00e1k! C\u00e9lul t\u0171zve, hogy az egy\u00fcttes meg\u0151rizze <strong>el\u0151kel\u0151, hiteles<\/strong> <strong>\u00e9s m\u00e9lt\u00f3 hely\u00e9t<\/strong> a hazai zenei \u00e9letben.<\/p>\n<p>Az egy\u00fcttes vezet\u0151je, <strong>Szigeti Ferenc,<\/strong> kiemelked\u0151 el\u0151ad\u00f3m\u0171v\u00e9szi p\u00e1lyafut\u00e1sa \u00e9s a KARTHAGO egy\u00fcttes vezet\u0151jek\u00e9nt el\u00e9rt sikerei elismer\u00e9sek\u00e9nt, 2015, m\u00e1rcius 15.-\u00e9n, a K\u00f6zt\u00e1rsas\u00e1gi Eln\u00f6kt\u0151l, megkapta a <strong>Magyar \u00c9rdemrend Lovagkeresztj\u00e9t!<\/strong><\/p>\n<blockquote><p><strong>A<\/strong><strong> KARTHAGO<\/strong><strong> a hazai rockzene Harley Davidsonja!<\/strong><br \/>\n( Open Road Fest webside)<\/p><\/blockquote>\n<p><strong>A Fesztiv\u00e1l non-profit bel\u00e9p\u0151jegy n\u00e9lk\u00fcli rendezv\u00e9ny. <a title=\"Tab\u00e1n Fesztiv\u00e1l a Facebookon!\" href=\"https:\/\/www.facebook.com\/tabanfesztival\" target=\"_blank\" rel=\"noopener\">Csatlakozz Facebook oldalunkhoz itt &gt;<\/a><\/strong><\/p>\n","protected":false},"excerpt":{"rendered":"<p>Koncert kezdete: 20.10 (tervezett )\u00a0 A zenekart 1979-ben Szigeti Ferenc alap\u00edtotta \u00e9s a \u201980-as \u00e9vekre m\u00e1r az orsz\u00e1g egyik legn\u00e9pszer\u0171bb rockegy\u00fcttes\u00e9v\u00e9 v\u00e1lt. Els\u0151 nagylemez\u00fck 1981-ben jelent meg \u00e9s azonnal t\u00f6bbsz\u00f6r\u00f6s aranylemez lett. Ez k\u00f6vette m\u00e9g tov\u00e1bbi j\u00f3n\u00e9h\u00e1ny hasonl\u00f3 nagysiker\u0171 st\u00fadi\u00f3- \u00e9s koncertalbum. 1983-ban Ausztri\u00e1ban a Requiem c\u00edm\u0171 dalukkal megnyert\u00e9k a Villachi Nemzetk\u00f6zi Dalfesztiv\u00e1l nagyd\u00edj\u00e1t \u00e9s<a href=\"http:\/\/tabanfesztival.hu\/?p=167\">[&#8230;]<\/a><\/p>\n","protected":false},"author":1,"featured_media":715,"comment_status":"closed","ping_status":"closed","sticky":false,"template":"","format":"standard","meta":[],"categories":[1],"tags":[],"_links":{"self":[{"href":"http:\/\/tabanfesztival.hu\/index.php?rest_route=\/wp\/v2\/posts\/167"}],"collection":[{"href":"http:\/\/tabanfesztival.hu\/index.php?rest_route=\/wp\/v2\/posts"}],"about":[{"href":"http:\/\/tabanfesztival.hu\/index.php?rest_route=\/wp\/v2\/types\/post"}],"author":[{"embeddable":true,"href":"http:\/\/tabanfesztival.hu\/index.php?rest_route=\/wp\/v2\/users\/1"}],"replies":[{"embeddable":true,"href":"http:\/\/tabanfesztival.hu\/index.php?rest_route=%2Fwp%2Fv2%2Fcomments&post=167"}],"version-history":[{"count":8,"href":"http:\/\/tabanfesztival.hu\/index.php?rest_route=\/wp\/v2\/posts\/167\/revisions"}],"predecessor-version":[{"id":723,"href":"http:\/\/tabanfesztival.hu\/index.php?rest_route=\/wp\/v2\/posts\/167\/revisions\/723"}],"wp:featuredmedia":[{"embeddable":true,"href":"http:\/\/tabanfesztival.hu\/index.php?rest_route=\/wp\/v2\/media\/715"}],"wp:attachment":[{"href":"http:\/\/tabanfesztival.hu\/index.php?rest_route=%2Fwp%2Fv2%2Fmedia&parent=167"}],"wp:term":[{"taxonomy":"category","embeddable":true,"href":"http:\/\/tabanfesztival.hu\/index.php?rest_route=%2Fwp%2Fv2%2Fcategories&post=167"},{"taxonomy":"post_tag","embeddable":true,"href":"http:\/\/tabanfesztival.hu\/index.php?rest_route=%2Fwp%2Fv2%2Ftags&post=167"}],"curies":[{"name":"wp","href":"https:\/\/api.w.org\/{rel}","templated":true}]}}