{"id":1,"date":"2026-04-12T17:13:00","date_gmt":"2026-04-12T16:13:00","guid":{"rendered":"http:\/\/tabanfesztival.hu\/?p=1"},"modified":"2026-04-29T22:21:49","modified_gmt":"2026-04-29T21:21:49","slug":"hello-world","status":"publish","type":"post","link":"http:\/\/tabanfesztival.hu\/?p=1","title":{"rendered":"MiniGroup &#8211; T\u00f6r\u00f6k \u00c1d\u00e1m \u00f6r\u00f6ks\u00e9ge"},"content":{"rendered":"\n<p><strong>Koncert kezdete: <strong>17:20<\/strong> (tervezett )\u00a0<\/strong><\/p>\n\n\n\n<p><strong>A Mini zenekar 1968-ban alakult, underground rhythm and blues zenekark\u00e9nt, de k\u00e9s\u0151bb a k\u00f6ztudatban jazz-rock form\u00e1ci\u00f3k\u00e9nt v\u00e1lt ismertt\u00e9.\u00a0Az eredeti tri\u00f3 tagjai Czip\u00f3 Tibor (git\u00e1r), Kiss Zolt\u00e1n (basszusgit\u00e1r) \u00e9s Dobos S\u00e1ndor \u201eDoxa\u201d (dob) voltak, de m\u00e9g az alap\u00edt\u00e1s \u00e9v\u00e9ben csatlakozott hozz\u00e1juk a k\u00e9s\u0151bbi frontember T\u00f6r\u00f6k \u00c1d\u00e1m, aki tov\u00e1bb vitte a zenekart hal\u00e1l\u00e1ig.<\/strong><\/p>\n\n\n\n<p><strong>T\u00f6r\u00f6k \u00c1d\u00e1m hal\u00e1l ut\u00e1n r\u00e9gi \u00e9s \u00faj tagokkal az \u0151 szellemis\u00e9g\u00e9t meg\u0151rizve koncertezik a MINIGROUP \u2013 T\u00f6r\u00f6k \u00c1d\u00e1m zenei \u00f6r\u00f6ks\u00e9ge zenekar.<\/strong><\/p>\n\n\n\n<figure class=\"wp-block-image size-large\"><a href=\"http:\/\/tabanfesztival.hu\/wp-content\/uploads\/MINIGROUP-2026.jpeg\"><img loading=\"lazy\" width=\"1024\" height=\"849\" src=\"http:\/\/tabanfesztival.hu\/wp-content\/uploads\/MINIGROUP-2026-1024x849.jpeg\" alt=\"\" class=\"wp-image-708\" srcset=\"http:\/\/tabanfesztival.hu\/wp-content\/uploads\/MINIGROUP-2026-1024x849.jpeg 1024w, http:\/\/tabanfesztival.hu\/wp-content\/uploads\/MINIGROUP-2026-300x249.jpeg 300w, http:\/\/tabanfesztival.hu\/wp-content\/uploads\/MINIGROUP-2026-768x637.jpeg 768w, http:\/\/tabanfesztival.hu\/wp-content\/uploads\/MINIGROUP-2026.jpeg 1142w\" sizes=\"(max-width: 1024px) 100vw, 1024px\" \/><\/a><\/figure>\n\n\n\n<p>A Mini zenekar vezet\u0151je, N\u00e9meth K\u00e1roly vezet\u00e9s\u00e9vel \u00fajra sz\u00ednpadra \u00e1ll az egy\u00fcttes &#8211; ezzel ad\u00f3zva T\u00f6r\u00f6k <\/p>\n\n\n\n<p><strong>A zenekar tagjai:<\/strong><\/p>\n\n\n\n<ul><li>Balog \u201cSzivacs\u201d Jen\u0151 \/ zenekarvezet\u0151, dob<\/li><li>Angyal J\u00f3zsef \u201cAlkalmas\u201d \/zenei vezet\u0151, fuvola, szaxofonok, heged\u0171<\/li><li>Kamaker L\u00e1szl\u00f3 \u201cKami\u201d \/ billenty\u0171k<\/li><li>Kosik Krist\u00f3f \/ git\u00e1r<\/li><li>Vasicsek J\u00e1nos \u201c\u00d6csi\u201d \/ \u00e9nek<\/li><li>Maros Rudolf \/ basszusgit\u00e1r<\/li><\/ul>\n\n\n\n<p><strong>A Fesztiv\u00e1l non-profit, bel\u00e9p\u0151jegy n\u00e9lk\u00fcli rendezv\u00e9ny. <a title=\"Tab\u00e1n Fesztiv\u00e1l a Facebookon!\" rel=\"noopener\" href=\"https:\/\/www.facebook.com\/tabanfesztival\" target=\"_blank\">Csatlakozz Facebook oldalunkhoz itt &gt;<\/a><\/strong><\/p>\n","protected":false},"excerpt":{"rendered":"<p>Koncert kezdete: 17:20 (tervezett )\u00a0 A Mini zenekar 1968-ban alakult, underground rhythm and blues zenekark\u00e9nt, de k\u00e9s\u0151bb a k\u00f6ztudatban jazz-rock form\u00e1ci\u00f3k\u00e9nt v\u00e1lt ismertt\u00e9.\u00a0Az eredeti tri\u00f3 tagjai Czip\u00f3 Tibor (git\u00e1r), Kiss Zolt\u00e1n (basszusgit\u00e1r) \u00e9s Dobos S\u00e1ndor \u201eDoxa\u201d (dob) voltak, de m\u00e9g az alap\u00edt\u00e1s \u00e9v\u00e9ben csatlakozott hozz\u00e1juk a k\u00e9s\u0151bbi frontember T\u00f6r\u00f6k \u00c1d\u00e1m, aki tov\u00e1bb vitte a zenekart<a href=\"http:\/\/tabanfesztival.hu\/?p=1\">[&#8230;]<\/a><\/p>\n","protected":false},"author":1,"featured_media":718,"comment_status":"closed","ping_status":"closed","sticky":false,"template":"","format":"standard","meta":[],"categories":[1],"tags":[],"_links":{"self":[{"href":"http:\/\/tabanfesztival.hu\/index.php?rest_route=\/wp\/v2\/posts\/1"}],"collection":[{"href":"http:\/\/tabanfesztival.hu\/index.php?rest_route=\/wp\/v2\/posts"}],"about":[{"href":"http:\/\/tabanfesztival.hu\/index.php?rest_route=\/wp\/v2\/types\/post"}],"author":[{"embeddable":true,"href":"http:\/\/tabanfesztival.hu\/index.php?rest_route=\/wp\/v2\/users\/1"}],"replies":[{"embeddable":true,"href":"http:\/\/tabanfesztival.hu\/index.php?rest_route=%2Fwp%2Fv2%2Fcomments&post=1"}],"version-history":[{"count":17,"href":"http:\/\/tabanfesztival.hu\/index.php?rest_route=\/wp\/v2\/posts\/1\/revisions"}],"predecessor-version":[{"id":725,"href":"http:\/\/tabanfesztival.hu\/index.php?rest_route=\/wp\/v2\/posts\/1\/revisions\/725"}],"wp:featuredmedia":[{"embeddable":true,"href":"http:\/\/tabanfesztival.hu\/index.php?rest_route=\/wp\/v2\/media\/718"}],"wp:attachment":[{"href":"http:\/\/tabanfesztival.hu\/index.php?rest_route=%2Fwp%2Fv2%2Fmedia&parent=1"}],"wp:term":[{"taxonomy":"category","embeddable":true,"href":"http:\/\/tabanfesztival.hu\/index.php?rest_route=%2Fwp%2Fv2%2Fcategories&post=1"},{"taxonomy":"post_tag","embeddable":true,"href":"http:\/\/tabanfesztival.hu\/index.php?rest_route=%2Fwp%2Fv2%2Ftags&post=1"}],"curies":[{"name":"wp","href":"https:\/\/api.w.org\/{rel}","templated":true}]}}